{"id":1074,"date":"2015-03-30T23:59:07","date_gmt":"2015-03-30T23:59:07","guid":{"rendered":"http:\/\/www.rvdv.net\/vincennes\/?p=1074"},"modified":"2024-07-17T19:07:20","modified_gmt":"2024-07-17T17:07:20","slug":"dispositif-dimpression","status":"publish","type":"post","link":"https:\/\/www.rvdv.net\/vincennes\/2015\/03\/30\/dispositif-dimpression\/","title":{"rendered":"Dispositif d&rsquo;impression"},"content":{"rendered":"<p><a href=\"https:\/\/www.rvdv.net\/vincennes\/wp-content\/uploads\/sites\/5\/2015\/04\/30-mars-2015-tiflex.jpg\" data-rel=\"lightbox-image-0\" data-imagelightbox=\"0\" data-rl_title=\"\" data-rl_caption=\"\" title=\"\"><img loading=\"lazy\" decoding=\"async\" class=\"alignnone size-full wp-image-1075\" src=\"https:\/\/www.rvdv.net\/vincennes\/wp-content\/uploads\/sites\/5\/2015\/04\/30-mars-2015-tiflex.jpg\" alt=\"30 mars 2015 tiflex\" width=\"640\" height=\"480\" srcset=\"https:\/\/www.rvdv.net\/vincennes\/wp-content\/uploads\/sites\/5\/2015\/04\/30-mars-2015-tiflex.jpg 2000w, https:\/\/www.rvdv.net\/vincennes\/wp-content\/uploads\/sites\/5\/2015\/04\/30-mars-2015-tiflex-300x225.jpg 300w, https:\/\/www.rvdv.net\/vincennes\/wp-content\/uploads\/sites\/5\/2015\/04\/30-mars-2015-tiflex-1024x768.jpg 1024w, https:\/\/www.rvdv.net\/vincennes\/wp-content\/uploads\/sites\/5\/2015\/04\/30-mars-2015-tiflex-768x576.jpg 768w, https:\/\/www.rvdv.net\/vincennes\/wp-content\/uploads\/sites\/5\/2015\/04\/30-mars-2015-tiflex-1536x1152.jpg 1536w\" sizes=\"auto, (max-width: 640px) 100vw, 640px\" \/><\/a><br \/>\n<a href=\"https:\/\/www.rvdv.net\/vincennes\/wp-content\/uploads\/sites\/5\/2015\/04\/30-mars-2015-yamaha.jpg\" data-rel=\"lightbox-image-1\" data-imagelightbox=\"1\" data-rl_title=\"\" data-rl_caption=\"\" title=\"\"><img loading=\"lazy\" decoding=\"async\" class=\"alignnone size-full wp-image-1076\" src=\"https:\/\/www.rvdv.net\/vincennes\/wp-content\/uploads\/sites\/5\/2015\/04\/30-mars-2015-yamaha.jpg\" alt=\"30 mars 2015 yamaha\" width=\"640\" height=\"480\" srcset=\"https:\/\/www.rvdv.net\/vincennes\/wp-content\/uploads\/sites\/5\/2015\/04\/30-mars-2015-yamaha.jpg 2000w, https:\/\/www.rvdv.net\/vincennes\/wp-content\/uploads\/sites\/5\/2015\/04\/30-mars-2015-yamaha-300x225.jpg 300w, https:\/\/www.rvdv.net\/vincennes\/wp-content\/uploads\/sites\/5\/2015\/04\/30-mars-2015-yamaha-1024x768.jpg 1024w, https:\/\/www.rvdv.net\/vincennes\/wp-content\/uploads\/sites\/5\/2015\/04\/30-mars-2015-yamaha-768x576.jpg 768w, https:\/\/www.rvdv.net\/vincennes\/wp-content\/uploads\/sites\/5\/2015\/04\/30-mars-2015-yamaha-1536x1152.jpg 1536w\" sizes=\"auto, (max-width: 640px) 100vw, 640px\" \/><\/a><br \/>\nLundi 31 mars 2015, 23h30. Photos documentaires apr\u00e8s coup. Pour le \u00ab parcours-performance \u00bb de cet apr\u00e8s-midi, au bois de Vincennes, \u00e0 travers le lieu de la Facult\u00e9 de Vincennes (1968-1980), intitul\u00e9 \u00ab \u00e0 l&rsquo;\u00e9cole de l&rsquo;imprimerie \u00bb (d&rsquo;apr\u00e8s <em>L&rsquo;imprimerie \u00e0 l&rsquo;\u00e9cole<\/em> de C\u00e9lestin Freinet), nous avons utilis\u00e9 Liliane et moi, pour \u00e9voquer nos ann\u00e9es &rsquo;70s, un double dispositif d&rsquo;impression : un haut-parleur portable Yamaha connect\u00e9 en <em>bluetooth<\/em> au iPhone pour distribuer des textes enregistr\u00e9s \u2014 y compris par les participants \u2014, la presse typographique Tiflex achet\u00e9e par la facult\u00e9 en 1975, \u00e0 laquelle j&rsquo;ai ajout\u00e9 des pieds pour aller sur le terrain, o\u00f9 Pascale et Xin ont imprim\u00e9 leurs linogravures \u2014 et o\u00f9 j&rsquo;ai imprim\u00e9 une moiti\u00e9 de citation de Godard, en Univers 67.<\/p>\n","protected":false},"excerpt":{"rendered":"<p>Lundi 31 mars 2015, 23h30. Photos documentaires apr\u00e8s coup. Pour le \u00ab parcours-performance \u00bb de cet apr\u00e8s-midi, au bois de Vincennes, \u00e0 travers le lieu de la Facult\u00e9 de Vincennes (1968-1980), intitul\u00e9 \u00ab \u00e0 l&rsquo;\u00e9cole de l&rsquo;imprimerie \u00bb (d&rsquo;apr\u00e8s L&rsquo;imprimerie \u00e0 l&rsquo;\u00e9cole de C\u00e9lestin Freinet), nous avons utilis\u00e9 Liliane et moi, pour \u00e9voquer nos ann\u00e9es &hellip; <a href=\"https:\/\/www.rvdv.net\/vincennes\/2015\/03\/30\/dispositif-dimpression\/\" class=\"more-link\">Continuer la lecture de <span class=\"screen-reader-text\">Dispositif d&rsquo;impression<\/span><\/a><\/p>\n","protected":false},"author":2,"featured_media":0,"comment_status":"closed","ping_status":"open","sticky":false,"template":"","format":"standard","meta":{"footnotes":""},"categories":[1],"tags":[13,20],"class_list":["post-1074","post","type-post","status-publish","format-standard","hentry","category-non-classe","tag-haut-parleur","tag-presse"],"_links":{"self":[{"href":"https:\/\/www.rvdv.net\/vincennes\/wp-json\/wp\/v2\/posts\/1074","targetHints":{"allow":["GET"]}}],"collection":[{"href":"https:\/\/www.rvdv.net\/vincennes\/wp-json\/wp\/v2\/posts"}],"about":[{"href":"https:\/\/www.rvdv.net\/vincennes\/wp-json\/wp\/v2\/types\/post"}],"author":[{"embeddable":true,"href":"https:\/\/www.rvdv.net\/vincennes\/wp-json\/wp\/v2\/users\/2"}],"replies":[{"embeddable":true,"href":"https:\/\/www.rvdv.net\/vincennes\/wp-json\/wp\/v2\/comments?post=1074"}],"version-history":[{"count":1,"href":"https:\/\/www.rvdv.net\/vincennes\/wp-json\/wp\/v2\/posts\/1074\/revisions"}],"predecessor-version":[{"id":1841,"href":"https:\/\/www.rvdv.net\/vincennes\/wp-json\/wp\/v2\/posts\/1074\/revisions\/1841"}],"wp:attachment":[{"href":"https:\/\/www.rvdv.net\/vincennes\/wp-json\/wp\/v2\/media?parent=1074"}],"wp:term":[{"taxonomy":"category","embeddable":true,"href":"https:\/\/www.rvdv.net\/vincennes\/wp-json\/wp\/v2\/categories?post=1074"},{"taxonomy":"post_tag","embeddable":true,"href":"https:\/\/www.rvdv.net\/vincennes\/wp-json\/wp\/v2\/tags?post=1074"}],"curies":[{"name":"wp","href":"https:\/\/api.w.org\/{rel}","templated":true}]}}