{"id":1249,"date":"2015-03-30T17:00:20","date_gmt":"2015-03-30T17:00:20","guid":{"rendered":"http:\/\/www.rvdv.net\/vincennes\/?p=1249"},"modified":"2025-06-27T23:33:09","modified_gmt":"2025-06-27T21:33:09","slug":"deux-textes-diffuses-dans-la-clairiere-du-departement-de-philosophie","status":"publish","type":"post","link":"https:\/\/www.rvdv.net\/vincennes\/2015\/03\/30\/deux-textes-diffuses-dans-la-clairiere-du-departement-de-philosophie\/","title":{"rendered":"Deux textes diffus\u00e9s dans la clairi\u00e8re du d\u00e9partement de philosophie"},"content":{"rendered":"<p>\t\t\t\t&lt;![CDATA[<a href=\"https:\/\/www.rvdv.net\/vincennes\/wp-content\/uploads\/sites\/5\/2015\/03\/30-mars-2015-arbres-jnl.jpg\" data-rel=\"lightbox-image-0\" data-imagelightbox=\"0\" data-rl_title=\"\" data-rl_caption=\"\" title=\"\"><img loading=\"lazy\" decoding=\"async\" class=\"alignnone wp-image-1270\" src=\"https:\/\/www.rvdv.net\/vincennes\/wp-content\/uploads\/sites\/5\/2015\/03\/30-mars-2015-arbres-jnl.jpg\" alt=\"30 mars 2015 arbres jnl\" width=\"640\" height=\"480\" srcset=\"https:\/\/www.rvdv.net\/vincennes\/wp-content\/uploads\/sites\/5\/2015\/03\/30-mars-2015-arbres-jnl.jpg 1024w, https:\/\/www.rvdv.net\/vincennes\/wp-content\/uploads\/sites\/5\/2015\/03\/30-mars-2015-arbres-jnl-300x225.jpg 300w, https:\/\/www.rvdv.net\/vincennes\/wp-content\/uploads\/sites\/5\/2015\/03\/30-mars-2015-arbres-jnl-768x576.jpg 768w\" sizes=\"auto, (max-width: 640px) 100vw, 640px\" \/><\/a><br \/>\n30 mars 2015, 17h. Photo Jean-No\u00ebl Lafargue (voir : <a href=\"http:\/\/hyperbate.fr\/dernier\/?p=33345\" target=\"_blank\" rel=\"noopener\">http:\/\/hyperbate.fr\/dernier\/?p=33345<\/a>)<\/p>\n<p><a href=\"http:\/\/www.rvdv.net\/wp-son\/lt-deleuze.mov\" target=\"_blank\" rel=\"noopener\"><img loading=\"lazy\" decoding=\"async\" class=\"alignnone size-full wp-image-1234\" src=\"https:\/\/www.rvdv.net\/vincennes\/wp-content\/uploads\/sites\/5\/2015\/05\/son.jpg\" alt=\"son\" width=\"90\" height=\"31\" \/><\/a><br \/>\n<a href=\"http:\/\/www.rvdv.net\/wp-son\/lt-deleuze.mov\" target=\"_blank\" rel=\"noopener\">Dit par Liliane Terrier<\/a> : Gilles Deleuze, La premi\u00e8re r\u00e8gle p\u00e9dagogique de Rousseau (voir : <a href=\"https:\/\/www.rvdv.net\/vincennes\/?page_id=409\">https:\/\/www.rvdv.net\/vincennes\/?page_id=409<\/a>).<\/p>\n<p><a href=\"http:\/\/www.rvdv.net\/wp-son\/jlb-didactique.mov\" target=\"_blank\" rel=\"noopener\"><img loading=\"lazy\" decoding=\"async\" class=\"alignnone size-full wp-image-1234\" src=\"https:\/\/www.rvdv.net\/vincennes\/wp-content\/uploads\/sites\/5\/2015\/05\/son.jpg\" alt=\"son\" width=\"90\" height=\"31\" \/><\/a><br \/>\n<a href=\"http:\/\/www.rvdv.net\/wp-son\/jlb-didactique.mov\" target=\"_blank\" rel=\"noopener\">Dit par Jean-Louis Boissier<\/a> : \u00ab Le didactique \u00bb, extrait d&rsquo;un entretien avec Samuel Bianchini (voir : <a href=\"https:\/\/www.rvdv.net\/vincennes\/?page_id=657\" target=\"_blank\" rel=\"noopener\">https:\/\/www.rvdv.net\/vincennes\/?page_id=657<\/a>).]]&gt;\t\t<\/p>\n","protected":false},"excerpt":{"rendered":"<p>&lt;![CDATA[ 30 mars 2015, 17h. Photo Jean-No\u00ebl Lafargue (voir : http:\/\/hyperbate.fr\/dernier\/?p=33345) Dit par Liliane Terrier : Gilles Deleuze, La premi\u00e8re r\u00e8gle p\u00e9dagogique de Rousseau (voir : https:\/\/www.rvdv.net\/vincennes\/?page_id=409). Dit par Jean-Louis Boissier : \u00ab Le didactique \u00bb, extrait d&rsquo;un entretien avec Samuel Bianchini (voir : https:\/\/www.rvdv.net\/vincennes\/?page_id=657).]]&gt;<\/p>\n","protected":false},"author":2,"featured_media":0,"comment_status":"closed","ping_status":"open","sticky":false,"template":"","format":"standard","meta":{"footnotes":""},"categories":[3,4,5],"tags":[],"class_list":["post-1249","post","type-post","status-publish","format-standard","hentry","category-histoire","category-lieux","category-recit"],"_links":{"self":[{"href":"https:\/\/www.rvdv.net\/vincennes\/wp-json\/wp\/v2\/posts\/1249","targetHints":{"allow":["GET"]}}],"collection":[{"href":"https:\/\/www.rvdv.net\/vincennes\/wp-json\/wp\/v2\/posts"}],"about":[{"href":"https:\/\/www.rvdv.net\/vincennes\/wp-json\/wp\/v2\/types\/post"}],"author":[{"embeddable":true,"href":"https:\/\/www.rvdv.net\/vincennes\/wp-json\/wp\/v2\/users\/2"}],"replies":[{"embeddable":true,"href":"https:\/\/www.rvdv.net\/vincennes\/wp-json\/wp\/v2\/comments?post=1249"}],"version-history":[{"count":2,"href":"https:\/\/www.rvdv.net\/vincennes\/wp-json\/wp\/v2\/posts\/1249\/revisions"}],"predecessor-version":[{"id":1917,"href":"https:\/\/www.rvdv.net\/vincennes\/wp-json\/wp\/v2\/posts\/1249\/revisions\/1917"}],"wp:attachment":[{"href":"https:\/\/www.rvdv.net\/vincennes\/wp-json\/wp\/v2\/media?parent=1249"}],"wp:term":[{"taxonomy":"category","embeddable":true,"href":"https:\/\/www.rvdv.net\/vincennes\/wp-json\/wp\/v2\/categories?post=1249"},{"taxonomy":"post_tag","embeddable":true,"href":"https:\/\/www.rvdv.net\/vincennes\/wp-json\/wp\/v2\/tags?post=1249"}],"curies":[{"name":"wp","href":"https:\/\/api.w.org\/{rel}","templated":true}]}}