{"id":1300,"date":"2015-06-17T20:12:36","date_gmt":"2015-06-17T20:12:36","guid":{"rendered":"http:\/\/www.rvdv.net\/vincennes\/?p=1300"},"modified":"2025-06-27T23:57:33","modified_gmt":"2025-06-27T21:57:33","slug":"retour-de-latelier-des-enfants-de-lexpo-de-saint-denis","status":"publish","type":"post","link":"https:\/\/www.rvdv.net\/vincennes\/2015\/06\/17\/retour-de-latelier-des-enfants-de-lexpo-de-saint-denis\/","title":{"rendered":"Retour de l\u2019atelier des enfants de l\u2019expo de Saint-Denis"},"content":{"rendered":"<p>\t\t\t<a href=\"https:\/\/www.rvdv.net\/vincennes\/wp-content\/uploads\/sites\/5\/2015\/08\/image.jpg\" data-rel=\"lightbox-image-0\" data-imagelightbox=\"0\" data-rl_title=\"\" data-rl_caption=\"\" title=\"\"><img loading=\"lazy\" decoding=\"async\" class=\"alignnone wp-image-1301\" src=\"https:\/\/www.rvdv.net\/vincennes\/wp-content\/uploads\/sites\/5\/2015\/08\/image.jpg\" alt=\"image\" width=\"640\" height=\"427\" srcset=\"https:\/\/www.rvdv.net\/vincennes\/wp-content\/uploads\/sites\/5\/2015\/08\/image.jpg 689w, https:\/\/www.rvdv.net\/vincennes\/wp-content\/uploads\/sites\/5\/2015\/08\/image-300x200.jpg 300w\" sizes=\"auto, (max-width: 640px) 100vw, 640px\" \/><\/a><\/p>\n<p>Photo Anne Z., m\u00e8re de Gaspard et Samuel : \u00abVoici comme promis une image des cr\u00e9ations p\u00e2te \u00e0 modeler de Samuel (le volcan) et de Gaspard (l\u2019\u00e9toile) bien inspir\u00e9s, de ce matin. Ils \u00e9taient tout contents de leur matin\u00e9e dans l&rsquo;atelier des enfants de l&rsquo;expo <i>Vincennes imprime son cin\u00e9ma<\/i> \u00e0 Saint-Denis ! Depuis notre retour, je n\u2019arrive pas \u00e0 faire sortir Gaspard de l\u2019appartement, il veut rester jouer avec la PlayDoh\u2026 \u00bb<\/p>\n<p><a href=\"https:\/\/www.rvdv.net\/vincennes\/wp-content\/uploads\/sites\/5\/2015\/08\/image1-scaled-1.jpg\" data-rel=\"lightbox-image-1\" data-imagelightbox=\"1\" data-rl_title=\"\" data-rl_caption=\"\" title=\"\"><img loading=\"lazy\" decoding=\"async\" class=\"alignnone wp-image-1304\" src=\"https:\/\/www.rvdv.net\/vincennes\/wp-content\/uploads\/sites\/5\/2015\/08\/image1-scaled-1.jpg\" alt=\"image\" width=\"640\" height=\"480\" srcset=\"https:\/\/www.rvdv.net\/vincennes\/wp-content\/uploads\/sites\/5\/2015\/08\/image1-scaled-1.jpg 2560w, https:\/\/www.rvdv.net\/vincennes\/wp-content\/uploads\/sites\/5\/2015\/08\/image1-scaled-1-300x225.jpg 300w, https:\/\/www.rvdv.net\/vincennes\/wp-content\/uploads\/sites\/5\/2015\/08\/image1-scaled-1-1024x768.jpg 1024w, https:\/\/www.rvdv.net\/vincennes\/wp-content\/uploads\/sites\/5\/2015\/08\/image1-scaled-1-768x576.jpg 768w, https:\/\/www.rvdv.net\/vincennes\/wp-content\/uploads\/sites\/5\/2015\/08\/image1-scaled-1-1536x1152.jpg 1536w, https:\/\/www.rvdv.net\/vincennes\/wp-content\/uploads\/sites\/5\/2015\/08\/image1-scaled-1-2048x1536.jpg 2048w\" sizes=\"auto, (max-width: 640px) 100vw, 640px\" \/><\/a> <a href=\"https:\/\/www.rvdv.net\/vincennes\/wp-content\/uploads\/sites\/5\/2015\/08\/image2-scaled-1.jpg\" data-rel=\"lightbox-image-2\" data-imagelightbox=\"2\" data-rl_title=\"\" data-rl_caption=\"\" title=\"\"><img loading=\"lazy\" decoding=\"async\" class=\"alignnone wp-image-1305\" src=\"https:\/\/www.rvdv.net\/vincennes\/wp-content\/uploads\/sites\/5\/2015\/08\/image2-scaled-1.jpg\" alt=\"image\" width=\"640\" height=\"480\" srcset=\"https:\/\/www.rvdv.net\/vincennes\/wp-content\/uploads\/sites\/5\/2015\/08\/image2-scaled-1.jpg 2560w, https:\/\/www.rvdv.net\/vincennes\/wp-content\/uploads\/sites\/5\/2015\/08\/image2-scaled-1-300x225.jpg 300w, https:\/\/www.rvdv.net\/vincennes\/wp-content\/uploads\/sites\/5\/2015\/08\/image2-scaled-1-1024x768.jpg 1024w, https:\/\/www.rvdv.net\/vincennes\/wp-content\/uploads\/sites\/5\/2015\/08\/image2-scaled-1-768x576.jpg 768w, https:\/\/www.rvdv.net\/vincennes\/wp-content\/uploads\/sites\/5\/2015\/08\/image2-scaled-1-1536x1152.jpg 1536w, https:\/\/www.rvdv.net\/vincennes\/wp-content\/uploads\/sites\/5\/2015\/08\/image2-scaled-1-2048x1536.jpg 2048w\" sizes=\"auto, (max-width: 640px) 100vw, 640px\" \/><\/a><\/p>\n<p>Jeegee, <i>Trophees<\/i>, glass-drawing, posca, r\u00e9alis\u00e9 le lundi 8 juin, sur la vitrine du hall d\u2019exposition de l\u2019universit\u00e9 Paris 8, 2, rue de la Libert\u00e9, Saint-Denis, dans la partie consacr\u00e9e \u00e0 l\u2019atelier des enfants de l\u2019expo <i>Vincennes imprime son cin\u00e9ma<\/i>, \u00e0 Paris 8.\t\t<\/p>\n","protected":false},"excerpt":{"rendered":"<p>Photo Anne Z., m\u00e8re de Gaspard et Samuel : \u00abVoici comme promis une image des cr\u00e9ations p\u00e2te \u00e0 modeler de Samuel (le volcan) et de Gaspard (l\u2019\u00e9toile) bien inspir\u00e9s, de ce matin. Ils \u00e9taient tout contents de leur matin\u00e9e dans l&rsquo;atelier des enfants de l&rsquo;expo Vincennes imprime son cin\u00e9ma \u00e0 Saint-Denis ! Depuis notre retour, &hellip; <a href=\"https:\/\/www.rvdv.net\/vincennes\/2015\/06\/17\/retour-de-latelier-des-enfants-de-lexpo-de-saint-denis\/\" class=\"more-link\">Continuer la lecture de <span class=\"screen-reader-text\">Retour de l\u2019atelier des enfants de l\u2019expo de Saint-Denis<\/span><\/a><\/p>\n","protected":false},"author":2,"featured_media":0,"comment_status":"closed","ping_status":"open","sticky":false,"template":"","format":"standard","meta":{"footnotes":""},"categories":[4],"tags":[],"class_list":["post-1300","post","type-post","status-publish","format-standard","hentry","category-lieux"],"_links":{"self":[{"href":"https:\/\/www.rvdv.net\/vincennes\/wp-json\/wp\/v2\/posts\/1300","targetHints":{"allow":["GET"]}}],"collection":[{"href":"https:\/\/www.rvdv.net\/vincennes\/wp-json\/wp\/v2\/posts"}],"about":[{"href":"https:\/\/www.rvdv.net\/vincennes\/wp-json\/wp\/v2\/types\/post"}],"author":[{"embeddable":true,"href":"https:\/\/www.rvdv.net\/vincennes\/wp-json\/wp\/v2\/users\/2"}],"replies":[{"embeddable":true,"href":"https:\/\/www.rvdv.net\/vincennes\/wp-json\/wp\/v2\/comments?post=1300"}],"version-history":[{"count":1,"href":"https:\/\/www.rvdv.net\/vincennes\/wp-json\/wp\/v2\/posts\/1300\/revisions"}],"predecessor-version":[{"id":1920,"href":"https:\/\/www.rvdv.net\/vincennes\/wp-json\/wp\/v2\/posts\/1300\/revisions\/1920"}],"wp:attachment":[{"href":"https:\/\/www.rvdv.net\/vincennes\/wp-json\/wp\/v2\/media?parent=1300"}],"wp:term":[{"taxonomy":"category","embeddable":true,"href":"https:\/\/www.rvdv.net\/vincennes\/wp-json\/wp\/v2\/categories?post=1300"},{"taxonomy":"post_tag","embeddable":true,"href":"https:\/\/www.rvdv.net\/vincennes\/wp-json\/wp\/v2\/tags?post=1300"}],"curies":[{"name":"wp","href":"https:\/\/api.w.org\/{rel}","templated":true}]}}