{"id":450,"date":"2015-03-08T16:00:59","date_gmt":"2015-03-08T16:00:59","guid":{"rendered":"http:\/\/www.rvdv.net\/vincennes\/?p=450"},"modified":"2024-07-17T19:09:46","modified_gmt":"2024-07-17T17:09:46","slug":"un-arbre-comme-indice","status":"publish","type":"post","link":"https:\/\/www.rvdv.net\/vincennes\/2015\/03\/08\/un-arbre-comme-indice\/","title":{"rendered":"Un arbre comme indice"},"content":{"rendered":"<p><a href=\"https:\/\/www.rvdv.net\/vincennes\/wp-content\/uploads\/sites\/5\/2015\/03\/vincennes-fac-arbre-entree-2015.jpg\" data-rel=\"lightbox-image-0\" data-imagelightbox=\"0\" data-rl_title=\"\" data-rl_caption=\"\" title=\"\"><img loading=\"lazy\" decoding=\"async\" class=\"alignnone size-full wp-image-451\" src=\"https:\/\/www.rvdv.net\/vincennes\/wp-content\/uploads\/sites\/5\/2015\/03\/vincennes-fac-arbre-entree-2015.jpg\" alt=\"vincennes fac arbre entree 2015\" width=\"640\" height=\"480\" srcset=\"https:\/\/www.rvdv.net\/vincennes\/wp-content\/uploads\/sites\/5\/2015\/03\/vincennes-fac-arbre-entree-2015.jpg 2000w, https:\/\/www.rvdv.net\/vincennes\/wp-content\/uploads\/sites\/5\/2015\/03\/vincennes-fac-arbre-entree-2015-300x225.jpg 300w, https:\/\/www.rvdv.net\/vincennes\/wp-content\/uploads\/sites\/5\/2015\/03\/vincennes-fac-arbre-entree-2015-1024x768.jpg 1024w, https:\/\/www.rvdv.net\/vincennes\/wp-content\/uploads\/sites\/5\/2015\/03\/vincennes-fac-arbre-entree-2015-768x576.jpg 768w, https:\/\/www.rvdv.net\/vincennes\/wp-content\/uploads\/sites\/5\/2015\/03\/vincennes-fac-arbre-entree-2015-1536x1152.jpg 1536w\" sizes=\"auto, (max-width: 640px) 100vw, 640px\" \/><\/a><br \/>\n<a href=\"https:\/\/www.rvdv.net\/vincennes\/wp-content\/uploads\/sites\/5\/2015\/03\/vincennes-entree-arbre-ina-1969-640.jpg\" data-rel=\"lightbox-image-1\" data-imagelightbox=\"1\" data-rl_title=\"\" data-rl_caption=\"\" title=\"\"><img loading=\"lazy\" decoding=\"async\" class=\"alignnone size-full wp-image-452\" src=\"https:\/\/www.rvdv.net\/vincennes\/wp-content\/uploads\/sites\/5\/2015\/03\/vincennes-entree-arbre-ina-1969-640.jpg\" alt=\"vincennes entree arbre ina 1969 640\" width=\"320\" height=\"240\" srcset=\"https:\/\/www.rvdv.net\/vincennes\/wp-content\/uploads\/sites\/5\/2015\/03\/vincennes-entree-arbre-ina-1969-640.jpg 640w, https:\/\/www.rvdv.net\/vincennes\/wp-content\/uploads\/sites\/5\/2015\/03\/vincennes-entree-arbre-ina-1969-640-300x225.jpg 300w\" sizes=\"auto, (max-width: 320px) 100vw, 320px\" \/><\/a><\/p>\n<p>Dimanche 8 mars 2015, 16h. \u00c0 partir de photographies a\u00e9riennes de 1969 et de 2015, l&#8217;emplacement de la facult\u00e9 de Vincennes peut \u00eatre rep\u00e9r\u00e9. Il n&rsquo;y a cependant qu&rsquo;un petit nombre d&rsquo;indices puisque le bois a \u00e9t\u00e9 am\u00e9nag\u00e9 continuellement depuis la destruction absolue des b\u00e2timents au cours de l&rsquo;\u00e9t\u00e9 1980. On constate la rapidit\u00e9 de croissance des arbres autant que leur long\u00e9vit\u00e9. Ce grand arbre se trouvait en bordure du b\u00e2timent d&rsquo;entr\u00e9e, l&rsquo;\u00e9cole maternelle<\/p>\n<p>attach\u00e9e au personnel.<br \/>\nPhotogramme du film de t\u00e9l\u00e9vision de novembre 1969\u00a0: <a href=\"http:\/\/www.dailymotion.com\/video\/xfdw4w_situation-faculte-de-vincennes_news\" target=\"_blank\" rel=\"noopener\">http:\/\/www.dailymotion.com\/video\/xfdw4w_situation-faculte-de-vincennes_news<\/a><\/p>\n<p><a href=\"https:\/\/www.rvdv.net\/vincennes\/wp-content\/uploads\/sites\/5\/2015\/03\/vincennes-cabane-2015.jpg\" data-rel=\"lightbox-image-2\" data-imagelightbox=\"2\" data-rl_title=\"\" data-rl_caption=\"\" title=\"\"><img loading=\"lazy\" decoding=\"async\" class=\"alignnone wp-image-1070\" src=\"https:\/\/www.rvdv.net\/vincennes\/wp-content\/uploads\/sites\/5\/2015\/03\/vincennes-cabane-2015.jpg\" alt=\"vincennes cabane 2015\" width=\"640\" height=\"480\" \/><\/a><\/p>\n<p>En bordure de la biblioth\u00e8que, une belle cabane \u00e9ph\u00e9m\u00e8re qui pourrait accueillir notre presse typographique. \u00c0 suivre.<\/p>\n","protected":false},"excerpt":{"rendered":"<p>Dimanche 8 mars 2015, 16h. \u00c0 partir de photographies a\u00e9riennes de 1969 et de 2015, l&#8217;emplacement de la facult\u00e9 de Vincennes peut \u00eatre rep\u00e9r\u00e9. Il n&rsquo;y a cependant qu&rsquo;un petit nombre d&rsquo;indices puisque le bois a \u00e9t\u00e9 am\u00e9nag\u00e9 continuellement depuis la destruction absolue des b\u00e2timents au cours de l&rsquo;\u00e9t\u00e9 1980. On constate la rapidit\u00e9 de &hellip; <a href=\"https:\/\/www.rvdv.net\/vincennes\/2015\/03\/08\/un-arbre-comme-indice\/\" class=\"more-link\">Continuer la lecture de <span class=\"screen-reader-text\">Un arbre comme indice<\/span><\/a><\/p>\n","protected":false},"author":2,"featured_media":0,"comment_status":"closed","ping_status":"open","sticky":false,"template":"","format":"standard","meta":{"footnotes":""},"categories":[3,4],"tags":[],"class_list":["post-450","post","type-post","status-publish","format-standard","hentry","category-histoire","category-lieux"],"_links":{"self":[{"href":"https:\/\/www.rvdv.net\/vincennes\/wp-json\/wp\/v2\/posts\/450","targetHints":{"allow":["GET"]}}],"collection":[{"href":"https:\/\/www.rvdv.net\/vincennes\/wp-json\/wp\/v2\/posts"}],"about":[{"href":"https:\/\/www.rvdv.net\/vincennes\/wp-json\/wp\/v2\/types\/post"}],"author":[{"embeddable":true,"href":"https:\/\/www.rvdv.net\/vincennes\/wp-json\/wp\/v2\/users\/2"}],"replies":[{"embeddable":true,"href":"https:\/\/www.rvdv.net\/vincennes\/wp-json\/wp\/v2\/comments?post=450"}],"version-history":[{"count":1,"href":"https:\/\/www.rvdv.net\/vincennes\/wp-json\/wp\/v2\/posts\/450\/revisions"}],"predecessor-version":[{"id":1843,"href":"https:\/\/www.rvdv.net\/vincennes\/wp-json\/wp\/v2\/posts\/450\/revisions\/1843"}],"wp:attachment":[{"href":"https:\/\/www.rvdv.net\/vincennes\/wp-json\/wp\/v2\/media?parent=450"}],"wp:term":[{"taxonomy":"category","embeddable":true,"href":"https:\/\/www.rvdv.net\/vincennes\/wp-json\/wp\/v2\/categories?post=450"},{"taxonomy":"post_tag","embeddable":true,"href":"https:\/\/www.rvdv.net\/vincennes\/wp-json\/wp\/v2\/tags?post=450"}],"curies":[{"name":"wp","href":"https:\/\/api.w.org\/{rel}","templated":true}]}}